{"id":7596,"date":"2026-03-19T11:03:29","date_gmt":"2026-03-19T10:03:29","guid":{"rendered":"https:\/\/finke-colors.eu\/?p=7596"},"modified":"2026-03-19T11:03:29","modified_gmt":"2026-03-19T10:03:29","slug":"nasz-bilans-odpadow-na-rok-2025-przejrzystosc-odpowiedzialnosc-i-gospodarka-o-obiegu-zamknietym-w-praktyce","status":"publish","type":"post","link":"https:\/\/finke-colors.eu\/pl\/nasz-bilans-odpadow-na-rok-2025-przejrzystosc-odpowiedzialnosc-i-gospodarka-o-obiegu-zamknietym-w-praktyce\/","title":{"rendered":"Nasz bilans odpad\u00f3w na rok 2025 \u2013 przejrzysto\u015b\u0107, odpowiedzialno\u015b\u0107 i gospodarka o obiegu zamkni\u0119tym w praktyce"},"content":{"rendered":"<div id='av_section_1'  class='avia-section av-r5jly-8c173f2a572f312a96b7ab6944ec462f main_color avia-section-default avia-no-border-styling  avia-builder-el-0  el_before_av_section  avia-builder-el-first  avia-bg-style-scroll container_wrap fullsize'  ><div class='container av-section-cont-open' ><main  role=\"main\" itemprop=\"mainContentOfPage\"  class='template-page content  av-content-full alpha units'><div class='post-entry post-entry-type-page post-entry-7596'><div class='entry-content-wrapper clearfix'>\n\n<style type=\"text\/css\" data-created_by=\"avia_inline_auto\" id=\"style-css-av-m2rd2-2685780cd09ca9853556a0049d79ef89\">\n.flex_column.av-m2rd2-2685780cd09ca9853556a0049d79ef89{\nborder-radius:0px 0px 0px 0px;\npadding:0px 0px 0px 0px;\n}\n<\/style>\n<div  class='flex_column av-m2rd2-2685780cd09ca9853556a0049d79ef89 av_one_full  avia-builder-el-1  avia-builder-el-no-sibling  first flex_column_div av-zero-column-padding  '     ><style type=\"text\/css\" data-created_by=\"avia_inline_auto\" id=\"style-css-av-ksfv7dv8-20e82735bb154a900cf59f3387e96906\">\n.avia-image-container.av-ksfv7dv8-20e82735bb154a900cf59f3387e96906 img.avia_image{\nbox-shadow:none;\n}\n.avia-image-container.av-ksfv7dv8-20e82735bb154a900cf59f3387e96906 .av-image-caption-overlay-center{\ncolor:#ffffff;\n}\n<\/style>\n<div  class='avia-image-container av-ksfv7dv8-20e82735bb154a900cf59f3387e96906 av-styling- avia-align-center  avia-builder-el-2  avia-builder-el-no-sibling '   itemprop=\"image\" itemscope=\"itemscope\" itemtype=\"https:\/\/schema.org\/ImageObject\" ><div class=\"avia-image-container-inner\"><div class=\"avia-image-overlay-wrap\"><img decoding=\"async\" fetchpriority=\"high\" class='wp-image-7582 avia-img-lazy-loading-not-7582 avia_image ' src=\"https:\/\/finke-colors.eu\/wp-content\/uploads\/Recycling-Rate-1.png\" alt='' title='Recycling Rate'  height=\"624\" width=\"1199\"  itemprop=\"thumbnailUrl\" srcset=\"https:\/\/finke-colors.eu\/wp-content\/uploads\/Recycling-Rate-1.png 1199w, https:\/\/finke-colors.eu\/wp-content\/uploads\/Recycling-Rate-1-300x156.png 300w, https:\/\/finke-colors.eu\/wp-content\/uploads\/Recycling-Rate-1-1030x536.png 1030w, https:\/\/finke-colors.eu\/wp-content\/uploads\/Recycling-Rate-1-768x400.png 768w\" sizes=\"(max-width: 1199px) 100vw, 1199px\" \/><\/div><\/div><\/div><\/div>\n\n<\/div><\/div><\/main><!-- close content main element --><\/div><\/div><div id='av_section_2'  class='avia-section av-f593y-89338335baafb7b97ce60e074371d1d4 main_color avia-section-default avia-no-border-styling  avia-builder-el-3  el_after_av_section  avia-builder-el-last  avia-bg-style-scroll container_wrap fullsize'  ><div class='container av-section-cont-open' ><div class='template-page content  av-content-full alpha units'><div class='post-entry post-entry-type-page post-entry-7596'><div class='entry-content-wrapper clearfix'>\n\n<style type=\"text\/css\" data-created_by=\"avia_inline_auto\" id=\"style-css-av-81vfq-5d547e9c523eb922f58ec47422dd2f22\">\n.flex_column.av-81vfq-5d547e9c523eb922f58ec47422dd2f22{\nborder-radius:0px 0px 0px 0px;\npadding:0px 0px 0px 0px;\n}\n<\/style>\n<div  class='flex_column av-81vfq-5d547e9c523eb922f58ec47422dd2f22 av_one_full  avia-builder-el-4  el_before_av_one_full  avia-builder-el-first  first flex_column_div av-zero-column-padding  '     ><section  class='av_textblock_section av-ksfv722a-d6d48c84827df81e5adb93567bf954d2 '   itemscope=\"itemscope\" itemtype=\"https:\/\/schema.org\/BlogPosting\" itemprop=\"blogPost\" ><div class='avia_textblock'  itemprop=\"text\" ><h1>Nasz bilans odpad\u00f3w na rok 2025 \u2013 przejrzysto\u015b\u0107, odpowiedzialno\u015b\u0107 i gospodarka o obiegu zamkni\u0119tym w praktyce<\/h1>\n<\/div><\/section><\/div>\n<style type=\"text\/css\" data-created_by=\"avia_inline_auto\" id=\"style-css-av-81vfq-2-8419e8f159f77ca20f274c2370a7dd2c\">\n.flex_column.av-81vfq-2-8419e8f159f77ca20f274c2370a7dd2c{\nborder-radius:0px 0px 0px 0px;\npadding:0px 0px 0px 0px;\n}\n<\/style>\n<div  class='flex_column av-81vfq-2-8419e8f159f77ca20f274c2370a7dd2c av_one_full  avia-builder-el-6  el_after_av_one_full  avia-builder-el-last  first flex_column_div av-zero-column-padding  column-top-margin'     ><section  class='av_textblock_section av-ksfv722a-1-4fa366b3727e50bc77d5f0742c1efddc '   itemscope=\"itemscope\" itemtype=\"https:\/\/schema.org\/BlogPosting\" itemprop=\"blogPost\" ><div class='avia_textblock'  itemprop=\"text\" ><p>R\u00f3wnie\u017c w tym roku przeprowadzili\u015bmy kompleksow\u0105 analiz\u0119 naszego wewn\u0119trznego bilansu odpad\u00f3w i surowc\u00f3w wt\u00f3rnych. Analiza wyra\u017anie pokazuje, \u017ce recykling i odpowiedzialne wykorzystanie zasob\u00f3w stanowi\u0105 integraln\u0105 cz\u0119\u015b\u0107 naszych proces\u00f3w biznesowych \u2013 wykraczaj\u0105c daleko poza wymogi prawne.<\/p>\n<p><strong>Konsekwentna segregacja wszystkich strumieni materia\u0142\u00f3w<\/strong><br \/>\nW ca\u0142ej firmie ka\u017cdy strumie\u0144 odpad\u00f3w jest starannie segregowany \u2013 od kartonu i papieru, przez drewno i metale, a\u017c po wewn\u0119trzne frakcje tworzyw sztucznych pochodz\u0105ce z produkcji. Wiele z tych materia\u0142\u00f3w jest ju\u017c w 100% poddawanych recyklingowi lub utylizacji, w tym mi\u0119dzy innymi karton, drewno, metale oraz posortowane tworzywa sztuczne.<\/p>\n<p>T\u0119 wysok\u0105 jako\u015b\u0107 utylizacji osi\u0105gamy dzi\u0119ki zaanga\u017cowanej wsp\u00f3\u0142pracy naszych wsp\u00f3\u0142pracownik\u00f3w, kt\u00f3rzy<br \/>\n\u2022 prawid\u0142owo i czysto nape\u0142niaj\u0105 pojemniki na odpady,<br \/>\n\u2022 oddzielaj\u0105 czyste tworzywa sztuczne od mieszanych,<br \/>\n\u2022 kwestionuj\u0105 procesy i celowo je ulepszaj\u0105.<\/p>\n<p><strong>Wska\u017anik recyklingu na poziomie 75%<\/strong><br \/>\nNasza analiza wskazuje na wska\u017anik recyklingu i utylizacji na poziomie 75% \u2013 warto\u015b\u0107 ta potwierdza, \u017ce nasze konsekwentne sortowanie i optymalizacja proces\u00f3w przynosz\u0105 efekty.<br \/>\nW ten spos\u00f3b wnosimy istotny wk\u0142ad w ochron\u0119 zasob\u00f3w naturalnych i wzmocnienie gospodarki o obiegu zamkni\u0119tym.<\/p>\n<p><strong>Szczeg\u00f3\u0142owe zestawienie roczne jako narz\u0119dzie zarz\u0105dzania<\/strong><br \/>\nZestawienie roczne sporz\u0105dzone przez wyspecjalizowanego partnera w zakresie gospodarki odpadami zapewnia nam dok\u0142adny przegl\u0105d wszystkich strumieni materia\u0142\u00f3w, dr\u00f3g ich utylizacji, a tak\u017ce zwi\u0105zanych z tym koszt\u00f3w, zwrot\u00f3w i oszcz\u0119dno\u015bci.<\/p>\n<p>Pokazuje nam mi\u0119dzy innymi:<br \/>\n\u2022 jak zmienia si\u0119 ilo\u015b\u0107 poszczeg\u00f3lnych frakcji odpad\u00f3w w ci\u0105gu roku,<br \/>\n\u2022 jakie s\u0105 odchylenia w por\u00f3wnaniu z rokiem poprzednim,<br \/>\n\u2022 gdzie le\u017cy potencja\u0142 optymalizacji,<br \/>\n\u2022 oraz jakie dzia\u0142ania maj\u0105 sens w celu zwi\u0119kszenia wydajno\u015bci i zr\u00f3wnowa\u017conego rozwoju.<\/p>\n<p>Na tej podstawie mo\u017cemy w spos\u00f3b ukierunkowany decydowa\u0107,<br \/>\n\u2022 jak dalej usprawnia\u0107 procesy sortowania,<br \/>\n\u2022 kt\u00f3re \u015bcie\u017cki utylizacji nale\u017cy dostosowa\u0107<br \/>\n\u2022 oraz gdzie mo\u017cemy osi\u0105gn\u0105\u0107 dodatkowe oszcz\u0119dno\u015bci lub optymalizacje ekologiczne.<\/p>\n<p><strong>Recykling jako cz\u0119\u015b\u0107 naszej kultury korporacyjnej<\/strong><br \/>\nDla nas jest jasne: recykling to nie projekt, ale postawa.<br \/>\n\u017byje ona w codzienno\u015bci, w szczeg\u00f3\u0142ach i dzi\u0119ki ludziom, kt\u00f3rzy j\u0105 realizuj\u0105. Nasz bilans odpad\u00f3w na rok 2025 pokazuje, \u017ce ta droga jest skuteczna \u2013 i \u017ce nadal rozwijamy nasze procesy, aby r\u00f3wnie\u017c w przysz\u0142o\u015bci bra\u0107 odpowiedzialno\u015b\u0107 za wykorzystywane przez nas materia\u0142y.<\/p>\n<\/div><\/section><\/div>\n","protected":false},"excerpt":{"rendered":"<p>R\u00f3wnie\u017c w tym roku przeprowadzili\u015bmy kompleksow\u0105 analiz\u0119 naszego wewn\u0119trznego bilansu odpad\u00f3w i surowc\u00f3w wt\u00f3rnych. Analiza wyra\u017anie pokazuje, \u017ce recykling i odpowiedzialne wykorzystanie zasob\u00f3w stanowi\u0105 integraln\u0105 cz\u0119\u015b\u0107 naszych proces\u00f3w biznesowych \u2013 wykraczaj\u0105c daleko poza wymogi prawne.<\/p>\n","protected":false},"author":3,"featured_media":7582,"comment_status":"closed","ping_status":"closed","sticky":false,"template":"","format":"standard","meta":{"_acf_changed":false,"footnotes":""},"categories":[44],"tags":[],"class_list":["post-7596","post","type-post","status-publish","format-standard","has-post-thumbnail","hentry","category-aktualnosci"],"acf":[],"yoast_head":"<!-- This site is optimized with the Yoast SEO plugin v27.3 - https:\/\/yoast.com\/product\/yoast-seo-wordpress\/ -->\n<title>Nasz bilans odpad\u00f3w na rok 2025 Finke Colors GmbH<\/title>\n<meta name=\"description\" content=\"R\u00f3wnie\u017c w tym roku przeprowadzili\u015bmy kompleksow\u0105 analiz\u0119 naszego wewn\u0119trznego bilansu odpad\u00f3w i surowc\u00f3w wt\u00f3rnych.\" \/>\n<meta name=\"robots\" content=\"index, follow, max-snippet:-1, max-image-preview:large, max-video-preview:-1\" \/>\n<link rel=\"canonical\" href=\"https:\/\/finke-colors.eu\/pl\/nasz-bilans-odpadow-na-rok-2025-przejrzystosc-odpowiedzialnosc-i-gospodarka-o-obiegu-zamknietym-w-praktyce\/\" \/>\n<meta property=\"og:locale\" content=\"pl_PL\" \/>\n<meta property=\"og:type\" content=\"article\" \/>\n<meta property=\"og:title\" content=\"Nasz bilans odpad\u00f3w na rok 2025 Finke Colors GmbH\" \/>\n<meta property=\"og:description\" content=\"R\u00f3wnie\u017c w tym roku przeprowadzili\u015bmy kompleksow\u0105 analiz\u0119 naszego wewn\u0119trznego bilansu odpad\u00f3w i surowc\u00f3w wt\u00f3rnych.\" \/>\n<meta property=\"og:url\" content=\"https:\/\/finke-colors.eu\/pl\/nasz-bilans-odpadow-na-rok-2025-przejrzystosc-odpowiedzialnosc-i-gospodarka-o-obiegu-zamknietym-w-praktyce\/\" \/>\n<meta property=\"og:site_name\" content=\"Finke Colors GmbH\" \/>\n<meta property=\"article:published_time\" content=\"2026-03-19T10:03:29+00:00\" \/>\n<meta property=\"og:image\" content=\"https:\/\/finke-colors.eu\/wp-content\/uploads\/Recycling-Rate-1.png\" \/>\n\t<meta property=\"og:image:width\" content=\"1199\" \/>\n\t<meta property=\"og:image:height\" content=\"624\" \/>\n\t<meta property=\"og:image:type\" content=\"image\/png\" \/>\n<meta name=\"author\" content=\"Finke-Hartwig\" \/>\n<meta name=\"twitter:card\" content=\"summary_large_image\" \/>\n<meta name=\"twitter:label1\" content=\"Napisane przez\" \/>\n\t<meta name=\"twitter:data1\" content=\"Finke-Hartwig\" \/>\n\t<meta name=\"twitter:label2\" content=\"Szacowany czas czytania\" \/>\n\t<meta name=\"twitter:data2\" content=\"3 minuty\" \/>\n<script type=\"application\/ld+json\" class=\"yoast-schema-graph\">{\"@context\":\"https:\\\/\\\/schema.org\",\"@graph\":[{\"@type\":\"Article\",\"@id\":\"https:\\\/\\\/finke-colors.eu\\\/pl\\\/nasz-bilans-odpadow-na-rok-2025-przejrzystosc-odpowiedzialnosc-i-gospodarka-o-obiegu-zamknietym-w-praktyce\\\/#article\",\"isPartOf\":{\"@id\":\"https:\\\/\\\/finke-colors.eu\\\/pl\\\/nasz-bilans-odpadow-na-rok-2025-przejrzystosc-odpowiedzialnosc-i-gospodarka-o-obiegu-zamknietym-w-praktyce\\\/\"},\"author\":{\"name\":\"Finke-Hartwig\",\"@id\":\"https:\\\/\\\/finke-colors.eu\\\/pl\\\/#\\\/schema\\\/person\\\/885648555cf1e3bbaced8680b6254afc\"},\"headline\":\"Nasz bilans odpad\u00f3w na rok 2025 \u2013 przejrzysto\u015b\u0107, odpowiedzialno\u015b\u0107 i gospodarka o obiegu zamkni\u0119tym w praktyce\",\"datePublished\":\"2026-03-19T10:03:29+00:00\",\"mainEntityOfPage\":{\"@id\":\"https:\\\/\\\/finke-colors.eu\\\/pl\\\/nasz-bilans-odpadow-na-rok-2025-przejrzystosc-odpowiedzialnosc-i-gospodarka-o-obiegu-zamknietym-w-praktyce\\\/\"},\"wordCount\":1402,\"image\":{\"@id\":\"https:\\\/\\\/finke-colors.eu\\\/pl\\\/nasz-bilans-odpadow-na-rok-2025-przejrzystosc-odpowiedzialnosc-i-gospodarka-o-obiegu-zamknietym-w-praktyce\\\/#primaryimage\"},\"thumbnailUrl\":\"https:\\\/\\\/finke-colors.eu\\\/wp-content\\\/uploads\\\/Recycling-Rate-1.png\",\"articleSection\":[\"Aktualno\u015bci\"],\"inLanguage\":\"pl-PL\"},{\"@type\":\"WebPage\",\"@id\":\"https:\\\/\\\/finke-colors.eu\\\/pl\\\/nasz-bilans-odpadow-na-rok-2025-przejrzystosc-odpowiedzialnosc-i-gospodarka-o-obiegu-zamknietym-w-praktyce\\\/\",\"url\":\"https:\\\/\\\/finke-colors.eu\\\/pl\\\/nasz-bilans-odpadow-na-rok-2025-przejrzystosc-odpowiedzialnosc-i-gospodarka-o-obiegu-zamknietym-w-praktyce\\\/\",\"name\":\"Nasz bilans odpad\u00f3w na rok 2025 Finke Colors GmbH\",\"isPartOf\":{\"@id\":\"https:\\\/\\\/finke-colors.eu\\\/pl\\\/#website\"},\"primaryImageOfPage\":{\"@id\":\"https:\\\/\\\/finke-colors.eu\\\/pl\\\/nasz-bilans-odpadow-na-rok-2025-przejrzystosc-odpowiedzialnosc-i-gospodarka-o-obiegu-zamknietym-w-praktyce\\\/#primaryimage\"},\"image\":{\"@id\":\"https:\\\/\\\/finke-colors.eu\\\/pl\\\/nasz-bilans-odpadow-na-rok-2025-przejrzystosc-odpowiedzialnosc-i-gospodarka-o-obiegu-zamknietym-w-praktyce\\\/#primaryimage\"},\"thumbnailUrl\":\"https:\\\/\\\/finke-colors.eu\\\/wp-content\\\/uploads\\\/Recycling-Rate-1.png\",\"datePublished\":\"2026-03-19T10:03:29+00:00\",\"author\":{\"@id\":\"https:\\\/\\\/finke-colors.eu\\\/pl\\\/#\\\/schema\\\/person\\\/885648555cf1e3bbaced8680b6254afc\"},\"description\":\"R\u00f3wnie\u017c w tym roku przeprowadzili\u015bmy kompleksow\u0105 analiz\u0119 naszego wewn\u0119trznego bilansu odpad\u00f3w i surowc\u00f3w wt\u00f3rnych.\",\"breadcrumb\":{\"@id\":\"https:\\\/\\\/finke-colors.eu\\\/pl\\\/nasz-bilans-odpadow-na-rok-2025-przejrzystosc-odpowiedzialnosc-i-gospodarka-o-obiegu-zamknietym-w-praktyce\\\/#breadcrumb\"},\"inLanguage\":\"pl-PL\",\"potentialAction\":[{\"@type\":\"ReadAction\",\"target\":[\"https:\\\/\\\/finke-colors.eu\\\/pl\\\/nasz-bilans-odpadow-na-rok-2025-przejrzystosc-odpowiedzialnosc-i-gospodarka-o-obiegu-zamknietym-w-praktyce\\\/\"]}]},{\"@type\":\"ImageObject\",\"inLanguage\":\"pl-PL\",\"@id\":\"https:\\\/\\\/finke-colors.eu\\\/pl\\\/nasz-bilans-odpadow-na-rok-2025-przejrzystosc-odpowiedzialnosc-i-gospodarka-o-obiegu-zamknietym-w-praktyce\\\/#primaryimage\",\"url\":\"https:\\\/\\\/finke-colors.eu\\\/wp-content\\\/uploads\\\/Recycling-Rate-1.png\",\"contentUrl\":\"https:\\\/\\\/finke-colors.eu\\\/wp-content\\\/uploads\\\/Recycling-Rate-1.png\",\"width\":1199,\"height\":624},{\"@type\":\"BreadcrumbList\",\"@id\":\"https:\\\/\\\/finke-colors.eu\\\/pl\\\/nasz-bilans-odpadow-na-rok-2025-przejrzystosc-odpowiedzialnosc-i-gospodarka-o-obiegu-zamknietym-w-praktyce\\\/#breadcrumb\",\"itemListElement\":[{\"@type\":\"ListItem\",\"position\":1,\"name\":\"Startseite\",\"item\":\"https:\\\/\\\/finke-colors.eu\\\/pl\\\/\"},{\"@type\":\"ListItem\",\"position\":2,\"name\":\"Nasz bilans odpad\u00f3w na rok 2025 \u2013 przejrzysto\u015b\u0107, odpowiedzialno\u015b\u0107 i gospodarka o obiegu zamkni\u0119tym w praktyce\"}]},{\"@type\":\"WebSite\",\"@id\":\"https:\\\/\\\/finke-colors.eu\\\/pl\\\/#website\",\"url\":\"https:\\\/\\\/finke-colors.eu\\\/pl\\\/\",\"name\":\"Finke Colors GmbH\",\"description\":\"Industrielle Farbe f\u00fcr Kunststoffe\",\"potentialAction\":[{\"@type\":\"SearchAction\",\"target\":{\"@type\":\"EntryPoint\",\"urlTemplate\":\"https:\\\/\\\/finke-colors.eu\\\/pl\\\/?s={search_term_string}\"},\"query-input\":{\"@type\":\"PropertyValueSpecification\",\"valueRequired\":true,\"valueName\":\"search_term_string\"}}],\"inLanguage\":\"pl-PL\"},{\"@type\":\"Person\",\"@id\":\"https:\\\/\\\/finke-colors.eu\\\/pl\\\/#\\\/schema\\\/person\\\/885648555cf1e3bbaced8680b6254afc\",\"name\":\"Finke-Hartwig\",\"image\":{\"@type\":\"ImageObject\",\"inLanguage\":\"pl-PL\",\"@id\":\"https:\\\/\\\/secure.gravatar.com\\\/avatar\\\/04aa734445a914fc7e983224207dd5d069646d499f5e757f72a1f712783262d5?s=96&d=mm&r=g\",\"url\":\"https:\\\/\\\/secure.gravatar.com\\\/avatar\\\/04aa734445a914fc7e983224207dd5d069646d499f5e757f72a1f712783262d5?s=96&d=mm&r=g\",\"contentUrl\":\"https:\\\/\\\/secure.gravatar.com\\\/avatar\\\/04aa734445a914fc7e983224207dd5d069646d499f5e757f72a1f712783262d5?s=96&d=mm&r=g\",\"caption\":\"Finke-Hartwig\"},\"url\":\"https:\\\/\\\/finke-colors.eu\\\/pl\\\/author\\\/finke-hartwig\\\/\"}]}<\/script>\n<!-- \/ Yoast SEO plugin. -->","yoast_head_json":{"title":"Nasz bilans odpad\u00f3w na rok 2025 Finke Colors GmbH","description":"R\u00f3wnie\u017c w tym roku przeprowadzili\u015bmy kompleksow\u0105 analiz\u0119 naszego wewn\u0119trznego bilansu odpad\u00f3w i surowc\u00f3w wt\u00f3rnych.","robots":{"index":"index","follow":"follow","max-snippet":"max-snippet:-1","max-image-preview":"max-image-preview:large","max-video-preview":"max-video-preview:-1"},"canonical":"https:\/\/finke-colors.eu\/pl\/nasz-bilans-odpadow-na-rok-2025-przejrzystosc-odpowiedzialnosc-i-gospodarka-o-obiegu-zamknietym-w-praktyce\/","og_locale":"pl_PL","og_type":"article","og_title":"Nasz bilans odpad\u00f3w na rok 2025 Finke Colors GmbH","og_description":"R\u00f3wnie\u017c w tym roku przeprowadzili\u015bmy kompleksow\u0105 analiz\u0119 naszego wewn\u0119trznego bilansu odpad\u00f3w i surowc\u00f3w wt\u00f3rnych.","og_url":"https:\/\/finke-colors.eu\/pl\/nasz-bilans-odpadow-na-rok-2025-przejrzystosc-odpowiedzialnosc-i-gospodarka-o-obiegu-zamknietym-w-praktyce\/","og_site_name":"Finke Colors GmbH","article_published_time":"2026-03-19T10:03:29+00:00","og_image":[{"width":1199,"height":624,"url":"https:\/\/finke-colors.eu\/wp-content\/uploads\/Recycling-Rate-1.png","type":"image\/png"}],"author":"Finke-Hartwig","twitter_card":"summary_large_image","twitter_misc":{"Napisane przez":"Finke-Hartwig","Szacowany czas czytania":"3 minuty"},"schema":{"@context":"https:\/\/schema.org","@graph":[{"@type":"Article","@id":"https:\/\/finke-colors.eu\/pl\/nasz-bilans-odpadow-na-rok-2025-przejrzystosc-odpowiedzialnosc-i-gospodarka-o-obiegu-zamknietym-w-praktyce\/#article","isPartOf":{"@id":"https:\/\/finke-colors.eu\/pl\/nasz-bilans-odpadow-na-rok-2025-przejrzystosc-odpowiedzialnosc-i-gospodarka-o-obiegu-zamknietym-w-praktyce\/"},"author":{"name":"Finke-Hartwig","@id":"https:\/\/finke-colors.eu\/pl\/#\/schema\/person\/885648555cf1e3bbaced8680b6254afc"},"headline":"Nasz bilans odpad\u00f3w na rok 2025 \u2013 przejrzysto\u015b\u0107, odpowiedzialno\u015b\u0107 i gospodarka o obiegu zamkni\u0119tym w praktyce","datePublished":"2026-03-19T10:03:29+00:00","mainEntityOfPage":{"@id":"https:\/\/finke-colors.eu\/pl\/nasz-bilans-odpadow-na-rok-2025-przejrzystosc-odpowiedzialnosc-i-gospodarka-o-obiegu-zamknietym-w-praktyce\/"},"wordCount":1402,"image":{"@id":"https:\/\/finke-colors.eu\/pl\/nasz-bilans-odpadow-na-rok-2025-przejrzystosc-odpowiedzialnosc-i-gospodarka-o-obiegu-zamknietym-w-praktyce\/#primaryimage"},"thumbnailUrl":"https:\/\/finke-colors.eu\/wp-content\/uploads\/Recycling-Rate-1.png","articleSection":["Aktualno\u015bci"],"inLanguage":"pl-PL"},{"@type":"WebPage","@id":"https:\/\/finke-colors.eu\/pl\/nasz-bilans-odpadow-na-rok-2025-przejrzystosc-odpowiedzialnosc-i-gospodarka-o-obiegu-zamknietym-w-praktyce\/","url":"https:\/\/finke-colors.eu\/pl\/nasz-bilans-odpadow-na-rok-2025-przejrzystosc-odpowiedzialnosc-i-gospodarka-o-obiegu-zamknietym-w-praktyce\/","name":"Nasz bilans odpad\u00f3w na rok 2025 Finke Colors GmbH","isPartOf":{"@id":"https:\/\/finke-colors.eu\/pl\/#website"},"primaryImageOfPage":{"@id":"https:\/\/finke-colors.eu\/pl\/nasz-bilans-odpadow-na-rok-2025-przejrzystosc-odpowiedzialnosc-i-gospodarka-o-obiegu-zamknietym-w-praktyce\/#primaryimage"},"image":{"@id":"https:\/\/finke-colors.eu\/pl\/nasz-bilans-odpadow-na-rok-2025-przejrzystosc-odpowiedzialnosc-i-gospodarka-o-obiegu-zamknietym-w-praktyce\/#primaryimage"},"thumbnailUrl":"https:\/\/finke-colors.eu\/wp-content\/uploads\/Recycling-Rate-1.png","datePublished":"2026-03-19T10:03:29+00:00","author":{"@id":"https:\/\/finke-colors.eu\/pl\/#\/schema\/person\/885648555cf1e3bbaced8680b6254afc"},"description":"R\u00f3wnie\u017c w tym roku przeprowadzili\u015bmy kompleksow\u0105 analiz\u0119 naszego wewn\u0119trznego bilansu odpad\u00f3w i surowc\u00f3w wt\u00f3rnych.","breadcrumb":{"@id":"https:\/\/finke-colors.eu\/pl\/nasz-bilans-odpadow-na-rok-2025-przejrzystosc-odpowiedzialnosc-i-gospodarka-o-obiegu-zamknietym-w-praktyce\/#breadcrumb"},"inLanguage":"pl-PL","potentialAction":[{"@type":"ReadAction","target":["https:\/\/finke-colors.eu\/pl\/nasz-bilans-odpadow-na-rok-2025-przejrzystosc-odpowiedzialnosc-i-gospodarka-o-obiegu-zamknietym-w-praktyce\/"]}]},{"@type":"ImageObject","inLanguage":"pl-PL","@id":"https:\/\/finke-colors.eu\/pl\/nasz-bilans-odpadow-na-rok-2025-przejrzystosc-odpowiedzialnosc-i-gospodarka-o-obiegu-zamknietym-w-praktyce\/#primaryimage","url":"https:\/\/finke-colors.eu\/wp-content\/uploads\/Recycling-Rate-1.png","contentUrl":"https:\/\/finke-colors.eu\/wp-content\/uploads\/Recycling-Rate-1.png","width":1199,"height":624},{"@type":"BreadcrumbList","@id":"https:\/\/finke-colors.eu\/pl\/nasz-bilans-odpadow-na-rok-2025-przejrzystosc-odpowiedzialnosc-i-gospodarka-o-obiegu-zamknietym-w-praktyce\/#breadcrumb","itemListElement":[{"@type":"ListItem","position":1,"name":"Startseite","item":"https:\/\/finke-colors.eu\/pl\/"},{"@type":"ListItem","position":2,"name":"Nasz bilans odpad\u00f3w na rok 2025 \u2013 przejrzysto\u015b\u0107, odpowiedzialno\u015b\u0107 i gospodarka o obiegu zamkni\u0119tym w praktyce"}]},{"@type":"WebSite","@id":"https:\/\/finke-colors.eu\/pl\/#website","url":"https:\/\/finke-colors.eu\/pl\/","name":"Finke Colors GmbH","description":"Industrielle Farbe f\u00fcr Kunststoffe","potentialAction":[{"@type":"SearchAction","target":{"@type":"EntryPoint","urlTemplate":"https:\/\/finke-colors.eu\/pl\/?s={search_term_string}"},"query-input":{"@type":"PropertyValueSpecification","valueRequired":true,"valueName":"search_term_string"}}],"inLanguage":"pl-PL"},{"@type":"Person","@id":"https:\/\/finke-colors.eu\/pl\/#\/schema\/person\/885648555cf1e3bbaced8680b6254afc","name":"Finke-Hartwig","image":{"@type":"ImageObject","inLanguage":"pl-PL","@id":"https:\/\/secure.gravatar.com\/avatar\/04aa734445a914fc7e983224207dd5d069646d499f5e757f72a1f712783262d5?s=96&d=mm&r=g","url":"https:\/\/secure.gravatar.com\/avatar\/04aa734445a914fc7e983224207dd5d069646d499f5e757f72a1f712783262d5?s=96&d=mm&r=g","contentUrl":"https:\/\/secure.gravatar.com\/avatar\/04aa734445a914fc7e983224207dd5d069646d499f5e757f72a1f712783262d5?s=96&d=mm&r=g","caption":"Finke-Hartwig"},"url":"https:\/\/finke-colors.eu\/pl\/author\/finke-hartwig\/"}]}},"_links":{"self":[{"href":"https:\/\/finke-colors.eu\/pl\/wp-json\/wp\/v2\/posts\/7596","targetHints":{"allow":["GET"]}}],"collection":[{"href":"https:\/\/finke-colors.eu\/pl\/wp-json\/wp\/v2\/posts"}],"about":[{"href":"https:\/\/finke-colors.eu\/pl\/wp-json\/wp\/v2\/types\/post"}],"author":[{"embeddable":true,"href":"https:\/\/finke-colors.eu\/pl\/wp-json\/wp\/v2\/users\/3"}],"replies":[{"embeddable":true,"href":"https:\/\/finke-colors.eu\/pl\/wp-json\/wp\/v2\/comments?post=7596"}],"version-history":[{"count":5,"href":"https:\/\/finke-colors.eu\/pl\/wp-json\/wp\/v2\/posts\/7596\/revisions"}],"predecessor-version":[{"id":7601,"href":"https:\/\/finke-colors.eu\/pl\/wp-json\/wp\/v2\/posts\/7596\/revisions\/7601"}],"wp:featuredmedia":[{"embeddable":true,"href":"https:\/\/finke-colors.eu\/pl\/wp-json\/wp\/v2\/media\/7582"}],"wp:attachment":[{"href":"https:\/\/finke-colors.eu\/pl\/wp-json\/wp\/v2\/media?parent=7596"}],"wp:term":[{"taxonomy":"category","embeddable":true,"href":"https:\/\/finke-colors.eu\/pl\/wp-json\/wp\/v2\/categories?post=7596"},{"taxonomy":"post_tag","embeddable":true,"href":"https:\/\/finke-colors.eu\/pl\/wp-json\/wp\/v2\/tags?post=7596"}],"curies":[{"name":"wp","href":"https:\/\/api.w.org\/{rel}","templated":true}]}}