{"id":5919,"date":"2024-04-08T11:49:00","date_gmt":"2024-04-08T09:49:00","guid":{"rendered":"https:\/\/finke-colors.eu\/?p=5919"},"modified":"2024-05-07T09:05:46","modified_gmt":"2024-05-07T07:05:46","slug":"finke-fete-son-75e-anniversaire","status":"publish","type":"post","link":"https:\/\/finke-colors.eu\/fr\/finke-fete-son-75e-anniversaire\/","title":{"rendered":"Finke f\u00eate son 75e anniversaire"},"content":{"rendered":"<div id='av_section_1'  class='avia-section av-r5jly-8c173f2a572f312a96b7ab6944ec462f main_color avia-section-default avia-no-border-styling  avia-builder-el-0  el_before_av_section  avia-builder-el-first  avia-bg-style-scroll container_wrap fullsize'  ><div class='container av-section-cont-open' ><main  role=\"main\" itemprop=\"mainContentOfPage\"  class='template-page content  av-content-full alpha units'><div class='post-entry post-entry-type-page post-entry-5919'><div class='entry-content-wrapper clearfix'>\n\n<style type=\"text\/css\" data-created_by=\"avia_inline_auto\" id=\"style-css-av-m2rd2-2685780cd09ca9853556a0049d79ef89\">\n.flex_column.av-m2rd2-2685780cd09ca9853556a0049d79ef89{\nborder-radius:0px 0px 0px 0px;\npadding:0px 0px 0px 0px;\n}\n<\/style>\n<div  class='flex_column av-m2rd2-2685780cd09ca9853556a0049d79ef89 av_one_full  avia-builder-el-1  avia-builder-el-no-sibling  first flex_column_div av-zero-column-padding  '     ><style type=\"text\/css\" data-created_by=\"avia_inline_auto\" id=\"style-css-av-ksfv7dv8-ec3644b7b2a3014dac01e35c3caa645d\">\n.avia-image-container.av-ksfv7dv8-ec3644b7b2a3014dac01e35c3caa645d img.avia_image{\nbox-shadow:none;\n}\n.avia-image-container.av-ksfv7dv8-ec3644b7b2a3014dac01e35c3caa645d .av-image-caption-overlay-center{\ncolor:#ffffff;\n}\n<\/style>\n<div  class='avia-image-container av-ksfv7dv8-ec3644b7b2a3014dac01e35c3caa645d av-styling- avia-align-center  avia-builder-el-2  avia-builder-el-no-sibling '   itemprop=\"image\" itemscope=\"itemscope\" itemtype=\"https:\/\/schema.org\/ImageObject\" ><div class=\"avia-image-container-inner\"><div class=\"avia-image-overlay-wrap\"><img decoding=\"async\" fetchpriority=\"high\" class='wp-image-5903 avia-img-lazy-loading-not-5903 avia_image ' src=\"https:\/\/finke-colors.eu\/wp-content\/uploads\/Finke-damals-und-heute.kleiner.jpg\" alt='' title='Finke damals und heute.kleiner'  height=\"501\" width=\"1000\"  itemprop=\"thumbnailUrl\" srcset=\"https:\/\/finke-colors.eu\/wp-content\/uploads\/Finke-damals-und-heute.kleiner.jpg 1000w, https:\/\/finke-colors.eu\/wp-content\/uploads\/Finke-damals-und-heute.kleiner-300x150.jpg 300w, https:\/\/finke-colors.eu\/wp-content\/uploads\/Finke-damals-und-heute.kleiner-768x385.jpg 768w\" sizes=\"(max-width: 1000px) 100vw, 1000px\" \/><\/div><\/div><\/div><\/div>\n\n<\/div><\/div><\/main><!-- close content main element --><\/div><\/div><div id='av_section_2'  class='avia-section av-f593y-89338335baafb7b97ce60e074371d1d4 main_color avia-section-default avia-no-border-styling  avia-builder-el-3  el_after_av_section  avia-builder-el-last  avia-bg-style-scroll container_wrap fullsize'  ><div class='container av-section-cont-open' ><div class='template-page content  av-content-full alpha units'><div class='post-entry post-entry-type-page post-entry-5919'><div class='entry-content-wrapper clearfix'>\n\n<style type=\"text\/css\" data-created_by=\"avia_inline_auto\" id=\"style-css-av-81vfq-5d547e9c523eb922f58ec47422dd2f22\">\n.flex_column.av-81vfq-5d547e9c523eb922f58ec47422dd2f22{\nborder-radius:0px 0px 0px 0px;\npadding:0px 0px 0px 0px;\n}\n<\/style>\n<div  class='flex_column av-81vfq-5d547e9c523eb922f58ec47422dd2f22 av_one_full  avia-builder-el-4  el_before_av_one_full  avia-builder-el-first  first flex_column_div av-zero-column-padding  '     ><section  class='av_textblock_section av-ksfv722a-33ee5365bc3acb642e52a752ae79f647 '   itemscope=\"itemscope\" itemtype=\"https:\/\/schema.org\/BlogPosting\" itemprop=\"blogPost\" ><div class='avia_textblock'  itemprop=\"text\" ><h1>En 2024, nous f\u00eaterons le 75e anniversaire de Karl Finke Wuppertal<\/h1>\n<\/div><\/section><\/div>\n<style type=\"text\/css\" data-created_by=\"avia_inline_auto\" id=\"style-css-av-81vfq-2-8419e8f159f77ca20f274c2370a7dd2c\">\n.flex_column.av-81vfq-2-8419e8f159f77ca20f274c2370a7dd2c{\nborder-radius:0px 0px 0px 0px;\npadding:0px 0px 0px 0px;\n}\n<\/style>\n<div  class='flex_column av-81vfq-2-8419e8f159f77ca20f274c2370a7dd2c av_one_full  avia-builder-el-6  el_after_av_one_full  avia-builder-el-last  first flex_column_div av-zero-column-padding  column-top-margin'     ><section  class='av_textblock_section av-ksfv722a-1-85fb2f2fb373b2461b12ace80fc01994 '   itemscope=\"itemscope\" itemtype=\"https:\/\/schema.org\/BlogPosting\" itemprop=\"blogPost\" ><div class='avia_textblock'  itemprop=\"text\" ><p>En tant qu&rsquo;un des pionniers de la coloration des mati\u00e8res plastiques, nous avons assist\u00e9 \u00e0 la naissance et au d\u00e9veloppement de cette industrie et nous nous sommes \u00e9tablis comme un partenaire fiable.<\/p>\n<h5><strong>Les d\u00e9buts de l&rsquo;entreprise de Wuppertal<\/strong><\/h5>\n<h3><\/h3>\n<p>Fond\u00e9e en 1949 par Karl Finke Senior et son fils, ces derniers ont d&rsquo;abord vendu des teintures aux \u00ab\u00a0Sch\u00f6nf\u00e4rber\u00a0\u00bb de la r\u00e9gion (ancienne profession allemande consistant \u00e0 reteindre les tissus et les v\u00eatements). Gr\u00e2ce \u00e0 son exp\u00e9rience de coloriste, Karl Finke Junior est entr\u00e9 en contact, dans les ann\u00e9es 50, avec un mat\u00e9riau alors nouveau : le polystyr\u00e8ne. Finke se familiarisa largement avec la technologie du traitement des mati\u00e8res plastiques et de la coloration \u00e0 l&rsquo;aide de colorants et de pigments. En 1958, il a d\u00e9velopp\u00e9 les pigments secs WUBALEN, le premier produit \u00e0 succ\u00e8s de l&rsquo;entreprise.<\/p>\n<p>Une autre \u00e9tape importante dans l&rsquo;histoire de notre entreprise a \u00e9t\u00e9 le d\u00e9veloppement des m\u00e9lange-ma\u00eetres FIBAPLAST, une alternative \u00e0 faible \u00e9mission de poussi\u00e8re par rapport aux m\u00e9langes de pigments sous forme de poudre WUBALEN. Cette innovation a eu un impact consid\u00e9rable sur l&rsquo;activit\u00e9 et constitue aujourd&rsquo;hui le produit phare de l&rsquo;entreprise.<\/p>\n<h5><strong>Des solutions sur mesure : Couleur et fonction \u00e0 la demande<\/strong><\/h5>\n<h3><\/h3>\n<p>La couleur a toujours \u00e9t\u00e9 un \u00e9l\u00e9ment central de l&rsquo;histoire de l&rsquo;entreprise Finke. Les coloristes exp\u00e9riment\u00e9s disposent d&rsquo;une large palette de colorants et de pigments \u00e0 effets. En collaboration \u00e9troite avec le client, ils realisent des formulations individuelles en fonction de la teinte finale souhait\u00e9e, ceci, afin d\u2019obtenir des m\u00e9lange-ma\u00eetres sous forme de granul\u00e9s, poudre ou encore liquide. En plus de la fonction coloration, le laboratoire propose \u00e9galement des additifs que l\u2019on peut rajouter au m\u00e9lange-ma\u00eetre afin d\u2019obtenir une fonction combin\u00e9e. Ces additifs sont \u00e9galement propos\u00e9s individuellements dans un m\u00e9lange-ma\u00eetre.<\/p>\n<p>En outre, nous accordons une importance particuli\u00e8re au conseil de nos clients en mati\u00e8re d&rsquo;optimisation des processus et d&rsquo;augmentation de la productivit\u00e9. En d\u00e9veloppant des m\u00e9langes-ma\u00eetres sur mesure, nous aidons nos clients \u00e0 optimiser leur production et \u00e0 r\u00e9duire leurs co\u00fbts, sans pour autant faire de compromis sur la qualit\u00e9.<\/p>\n<h5><strong>Un regard durable sur l&rsquo;avenir<\/strong><\/h5>\n<h3><\/h3>\n<p>Dans le cadre de notre strat\u00e9gie de durabilit\u00e9, nous utilisons des polym\u00e8res recycl\u00e9s sur demande. Nous recherchons \u00e9galement des alternatives plus durables aux pigments traditionnels. En 2024, nous pr\u00e9voyons d&rsquo;introduire une empreinte carbone pour chacun de nos produits, afin de fournir \u00e0 nos clients des donn\u00e9es fiables et des conseils sur les \u00e9conomies potentielles.<\/p>\n<p>Pour l&rsquo;avenir, nous sommes d\u00e9termin\u00e9s \u00e0 continuer \u00e0 proposer des solutions innovantes et \u00e0 apporter une contribution positive au d\u00e9veloppement durable de l&rsquo;industrie plastique.<\/p>\n<\/div><\/section><\/div>\n","protected":false},"excerpt":{"rendered":"<p>En tant qu&rsquo;un des pionniers de la coloration des mati\u00e8res plastiques, nous avons assist\u00e9 \u00e0 la naissance et au d\u00e9veloppement de cette industrie et nous nous sommes \u00e9tablis comme un partenaire fiable.<\/p>\n","protected":false},"author":3,"featured_media":5903,"comment_status":"closed","ping_status":"closed","sticky":false,"template":"","format":"standard","meta":{"_acf_changed":false,"footnotes":""},"categories":[43],"tags":[],"class_list":["post-5919","post","type-post","status-publish","format-standard","has-post-thumbnail","hentry","category-actualites"],"acf":[],"yoast_head":"<!-- This site is optimized with the Yoast SEO plugin v27.3 - https:\/\/yoast.com\/product\/yoast-seo-wordpress\/ -->\n<title>Finke f\u00eate son 75e anniversaire Finke Colors GmbH<\/title>\n<meta name=\"description\" content=\"En tant qu&#039;un des pionniers de la coloration des mati\u00e8res plastiques, nous avons assist\u00e9 \u00e0 la naissance et au d\u00e9veloppement de cette industrie et nous nous sommes \u00e9tablis comme un partenaire fiable.\" \/>\n<meta name=\"robots\" content=\"index, follow, max-snippet:-1, max-image-preview:large, max-video-preview:-1\" \/>\n<link rel=\"canonical\" href=\"https:\/\/finke-colors.eu\/fr\/finke-fete-son-75e-anniversaire\/\" \/>\n<meta property=\"og:locale\" content=\"fr_FR\" \/>\n<meta property=\"og:type\" content=\"article\" \/>\n<meta property=\"og:title\" content=\"Finke f\u00eate son 75e anniversaire Finke Colors GmbH\" \/>\n<meta property=\"og:description\" content=\"En tant qu&#039;un des pionniers de la coloration des mati\u00e8res plastiques, nous avons assist\u00e9 \u00e0 la naissance et au d\u00e9veloppement de cette industrie et nous nous sommes \u00e9tablis comme un partenaire fiable.\" \/>\n<meta property=\"og:url\" content=\"https:\/\/finke-colors.eu\/fr\/finke-fete-son-75e-anniversaire\/\" \/>\n<meta property=\"og:site_name\" content=\"Finke Colors GmbH\" \/>\n<meta property=\"article:published_time\" content=\"2024-04-08T09:49:00+00:00\" \/>\n<meta property=\"article:modified_time\" content=\"2024-05-07T07:05:46+00:00\" \/>\n<meta property=\"og:image\" content=\"https:\/\/finke-colors.eu\/wp-content\/uploads\/Finke-damals-und-heute.kleiner.jpg\" \/>\n\t<meta property=\"og:image:width\" content=\"1000\" \/>\n\t<meta property=\"og:image:height\" content=\"501\" \/>\n\t<meta property=\"og:image:type\" content=\"image\/jpeg\" \/>\n<meta name=\"author\" content=\"Finke-Hartwig\" \/>\n<meta name=\"twitter:card\" content=\"summary_large_image\" \/>\n<meta name=\"twitter:label1\" content=\"\u00c9crit par\" \/>\n\t<meta name=\"twitter:data1\" content=\"Finke-Hartwig\" \/>\n\t<meta name=\"twitter:label2\" content=\"Dur\u00e9e de lecture estim\u00e9e\" \/>\n\t<meta name=\"twitter:data2\" content=\"3 minutes\" \/>\n<script type=\"application\/ld+json\" class=\"yoast-schema-graph\">{\"@context\":\"https:\\\/\\\/schema.org\",\"@graph\":[{\"@type\":\"Article\",\"@id\":\"https:\\\/\\\/finke-colors.eu\\\/fr\\\/finke-fete-son-75e-anniversaire\\\/#article\",\"isPartOf\":{\"@id\":\"https:\\\/\\\/finke-colors.eu\\\/fr\\\/finke-fete-son-75e-anniversaire\\\/\"},\"author\":{\"name\":\"Finke-Hartwig\",\"@id\":\"https:\\\/\\\/finke-colors.eu\\\/fr\\\/#\\\/schema\\\/person\\\/885648555cf1e3bbaced8680b6254afc\"},\"headline\":\"Finke f\u00eate son 75e anniversaire\",\"datePublished\":\"2024-04-08T09:49:00+00:00\",\"dateModified\":\"2024-05-07T07:05:46+00:00\",\"mainEntityOfPage\":{\"@id\":\"https:\\\/\\\/finke-colors.eu\\\/fr\\\/finke-fete-son-75e-anniversaire\\\/\"},\"wordCount\":1380,\"image\":{\"@id\":\"https:\\\/\\\/finke-colors.eu\\\/fr\\\/finke-fete-son-75e-anniversaire\\\/#primaryimage\"},\"thumbnailUrl\":\"https:\\\/\\\/finke-colors.eu\\\/wp-content\\\/uploads\\\/Finke-damals-und-heute.kleiner.jpg\",\"articleSection\":[\"Actualit\u00e9s\"],\"inLanguage\":\"fr-FR\"},{\"@type\":\"WebPage\",\"@id\":\"https:\\\/\\\/finke-colors.eu\\\/fr\\\/finke-fete-son-75e-anniversaire\\\/\",\"url\":\"https:\\\/\\\/finke-colors.eu\\\/fr\\\/finke-fete-son-75e-anniversaire\\\/\",\"name\":\"Finke f\u00eate son 75e anniversaire Finke Colors GmbH\",\"isPartOf\":{\"@id\":\"https:\\\/\\\/finke-colors.eu\\\/fr\\\/#website\"},\"primaryImageOfPage\":{\"@id\":\"https:\\\/\\\/finke-colors.eu\\\/fr\\\/finke-fete-son-75e-anniversaire\\\/#primaryimage\"},\"image\":{\"@id\":\"https:\\\/\\\/finke-colors.eu\\\/fr\\\/finke-fete-son-75e-anniversaire\\\/#primaryimage\"},\"thumbnailUrl\":\"https:\\\/\\\/finke-colors.eu\\\/wp-content\\\/uploads\\\/Finke-damals-und-heute.kleiner.jpg\",\"datePublished\":\"2024-04-08T09:49:00+00:00\",\"dateModified\":\"2024-05-07T07:05:46+00:00\",\"author\":{\"@id\":\"https:\\\/\\\/finke-colors.eu\\\/fr\\\/#\\\/schema\\\/person\\\/885648555cf1e3bbaced8680b6254afc\"},\"description\":\"En tant qu'un des pionniers de la coloration des mati\u00e8res plastiques, nous avons assist\u00e9 \u00e0 la naissance et au d\u00e9veloppement de cette industrie et nous nous sommes \u00e9tablis comme un partenaire fiable.\",\"breadcrumb\":{\"@id\":\"https:\\\/\\\/finke-colors.eu\\\/fr\\\/finke-fete-son-75e-anniversaire\\\/#breadcrumb\"},\"inLanguage\":\"fr-FR\",\"potentialAction\":[{\"@type\":\"ReadAction\",\"target\":[\"https:\\\/\\\/finke-colors.eu\\\/fr\\\/finke-fete-son-75e-anniversaire\\\/\"]}]},{\"@type\":\"ImageObject\",\"inLanguage\":\"fr-FR\",\"@id\":\"https:\\\/\\\/finke-colors.eu\\\/fr\\\/finke-fete-son-75e-anniversaire\\\/#primaryimage\",\"url\":\"https:\\\/\\\/finke-colors.eu\\\/wp-content\\\/uploads\\\/Finke-damals-und-heute.kleiner.jpg\",\"contentUrl\":\"https:\\\/\\\/finke-colors.eu\\\/wp-content\\\/uploads\\\/Finke-damals-und-heute.kleiner.jpg\",\"width\":1000,\"height\":501},{\"@type\":\"BreadcrumbList\",\"@id\":\"https:\\\/\\\/finke-colors.eu\\\/fr\\\/finke-fete-son-75e-anniversaire\\\/#breadcrumb\",\"itemListElement\":[{\"@type\":\"ListItem\",\"position\":1,\"name\":\"Startseite\",\"item\":\"https:\\\/\\\/finke-colors.eu\\\/fr\\\/\"},{\"@type\":\"ListItem\",\"position\":2,\"name\":\"Finke f\u00eate son 75e anniversaire\"}]},{\"@type\":\"WebSite\",\"@id\":\"https:\\\/\\\/finke-colors.eu\\\/fr\\\/#website\",\"url\":\"https:\\\/\\\/finke-colors.eu\\\/fr\\\/\",\"name\":\"Finke Colors GmbH\",\"description\":\"Industrielle Farbe f\u00fcr Kunststoffe\",\"potentialAction\":[{\"@type\":\"SearchAction\",\"target\":{\"@type\":\"EntryPoint\",\"urlTemplate\":\"https:\\\/\\\/finke-colors.eu\\\/fr\\\/?s={search_term_string}\"},\"query-input\":{\"@type\":\"PropertyValueSpecification\",\"valueRequired\":true,\"valueName\":\"search_term_string\"}}],\"inLanguage\":\"fr-FR\"},{\"@type\":\"Person\",\"@id\":\"https:\\\/\\\/finke-colors.eu\\\/fr\\\/#\\\/schema\\\/person\\\/885648555cf1e3bbaced8680b6254afc\",\"name\":\"Finke-Hartwig\",\"image\":{\"@type\":\"ImageObject\",\"inLanguage\":\"fr-FR\",\"@id\":\"https:\\\/\\\/secure.gravatar.com\\\/avatar\\\/04aa734445a914fc7e983224207dd5d069646d499f5e757f72a1f712783262d5?s=96&d=mm&r=g\",\"url\":\"https:\\\/\\\/secure.gravatar.com\\\/avatar\\\/04aa734445a914fc7e983224207dd5d069646d499f5e757f72a1f712783262d5?s=96&d=mm&r=g\",\"contentUrl\":\"https:\\\/\\\/secure.gravatar.com\\\/avatar\\\/04aa734445a914fc7e983224207dd5d069646d499f5e757f72a1f712783262d5?s=96&d=mm&r=g\",\"caption\":\"Finke-Hartwig\"},\"url\":\"https:\\\/\\\/finke-colors.eu\\\/fr\\\/author\\\/finke-hartwig\\\/\"}]}<\/script>\n<!-- \/ Yoast SEO plugin. -->","yoast_head_json":{"title":"Finke f\u00eate son 75e anniversaire Finke Colors GmbH","description":"En tant qu'un des pionniers de la coloration des mati\u00e8res plastiques, nous avons assist\u00e9 \u00e0 la naissance et au d\u00e9veloppement de cette industrie et nous nous sommes \u00e9tablis comme un partenaire fiable.","robots":{"index":"index","follow":"follow","max-snippet":"max-snippet:-1","max-image-preview":"max-image-preview:large","max-video-preview":"max-video-preview:-1"},"canonical":"https:\/\/finke-colors.eu\/fr\/finke-fete-son-75e-anniversaire\/","og_locale":"fr_FR","og_type":"article","og_title":"Finke f\u00eate son 75e anniversaire Finke Colors GmbH","og_description":"En tant qu'un des pionniers de la coloration des mati\u00e8res plastiques, nous avons assist\u00e9 \u00e0 la naissance et au d\u00e9veloppement de cette industrie et nous nous sommes \u00e9tablis comme un partenaire fiable.","og_url":"https:\/\/finke-colors.eu\/fr\/finke-fete-son-75e-anniversaire\/","og_site_name":"Finke Colors GmbH","article_published_time":"2024-04-08T09:49:00+00:00","article_modified_time":"2024-05-07T07:05:46+00:00","og_image":[{"width":1000,"height":501,"url":"https:\/\/finke-colors.eu\/wp-content\/uploads\/Finke-damals-und-heute.kleiner.jpg","type":"image\/jpeg"}],"author":"Finke-Hartwig","twitter_card":"summary_large_image","twitter_misc":{"\u00c9crit par":"Finke-Hartwig","Dur\u00e9e de lecture estim\u00e9e":"3 minutes"},"schema":{"@context":"https:\/\/schema.org","@graph":[{"@type":"Article","@id":"https:\/\/finke-colors.eu\/fr\/finke-fete-son-75e-anniversaire\/#article","isPartOf":{"@id":"https:\/\/finke-colors.eu\/fr\/finke-fete-son-75e-anniversaire\/"},"author":{"name":"Finke-Hartwig","@id":"https:\/\/finke-colors.eu\/fr\/#\/schema\/person\/885648555cf1e3bbaced8680b6254afc"},"headline":"Finke f\u00eate son 75e anniversaire","datePublished":"2024-04-08T09:49:00+00:00","dateModified":"2024-05-07T07:05:46+00:00","mainEntityOfPage":{"@id":"https:\/\/finke-colors.eu\/fr\/finke-fete-son-75e-anniversaire\/"},"wordCount":1380,"image":{"@id":"https:\/\/finke-colors.eu\/fr\/finke-fete-son-75e-anniversaire\/#primaryimage"},"thumbnailUrl":"https:\/\/finke-colors.eu\/wp-content\/uploads\/Finke-damals-und-heute.kleiner.jpg","articleSection":["Actualit\u00e9s"],"inLanguage":"fr-FR"},{"@type":"WebPage","@id":"https:\/\/finke-colors.eu\/fr\/finke-fete-son-75e-anniversaire\/","url":"https:\/\/finke-colors.eu\/fr\/finke-fete-son-75e-anniversaire\/","name":"Finke f\u00eate son 75e anniversaire Finke Colors GmbH","isPartOf":{"@id":"https:\/\/finke-colors.eu\/fr\/#website"},"primaryImageOfPage":{"@id":"https:\/\/finke-colors.eu\/fr\/finke-fete-son-75e-anniversaire\/#primaryimage"},"image":{"@id":"https:\/\/finke-colors.eu\/fr\/finke-fete-son-75e-anniversaire\/#primaryimage"},"thumbnailUrl":"https:\/\/finke-colors.eu\/wp-content\/uploads\/Finke-damals-und-heute.kleiner.jpg","datePublished":"2024-04-08T09:49:00+00:00","dateModified":"2024-05-07T07:05:46+00:00","author":{"@id":"https:\/\/finke-colors.eu\/fr\/#\/schema\/person\/885648555cf1e3bbaced8680b6254afc"},"description":"En tant qu'un des pionniers de la coloration des mati\u00e8res plastiques, nous avons assist\u00e9 \u00e0 la naissance et au d\u00e9veloppement de cette industrie et nous nous sommes \u00e9tablis comme un partenaire fiable.","breadcrumb":{"@id":"https:\/\/finke-colors.eu\/fr\/finke-fete-son-75e-anniversaire\/#breadcrumb"},"inLanguage":"fr-FR","potentialAction":[{"@type":"ReadAction","target":["https:\/\/finke-colors.eu\/fr\/finke-fete-son-75e-anniversaire\/"]}]},{"@type":"ImageObject","inLanguage":"fr-FR","@id":"https:\/\/finke-colors.eu\/fr\/finke-fete-son-75e-anniversaire\/#primaryimage","url":"https:\/\/finke-colors.eu\/wp-content\/uploads\/Finke-damals-und-heute.kleiner.jpg","contentUrl":"https:\/\/finke-colors.eu\/wp-content\/uploads\/Finke-damals-und-heute.kleiner.jpg","width":1000,"height":501},{"@type":"BreadcrumbList","@id":"https:\/\/finke-colors.eu\/fr\/finke-fete-son-75e-anniversaire\/#breadcrumb","itemListElement":[{"@type":"ListItem","position":1,"name":"Startseite","item":"https:\/\/finke-colors.eu\/fr\/"},{"@type":"ListItem","position":2,"name":"Finke f\u00eate son 75e anniversaire"}]},{"@type":"WebSite","@id":"https:\/\/finke-colors.eu\/fr\/#website","url":"https:\/\/finke-colors.eu\/fr\/","name":"Finke Colors GmbH","description":"Industrielle Farbe f\u00fcr Kunststoffe","potentialAction":[{"@type":"SearchAction","target":{"@type":"EntryPoint","urlTemplate":"https:\/\/finke-colors.eu\/fr\/?s={search_term_string}"},"query-input":{"@type":"PropertyValueSpecification","valueRequired":true,"valueName":"search_term_string"}}],"inLanguage":"fr-FR"},{"@type":"Person","@id":"https:\/\/finke-colors.eu\/fr\/#\/schema\/person\/885648555cf1e3bbaced8680b6254afc","name":"Finke-Hartwig","image":{"@type":"ImageObject","inLanguage":"fr-FR","@id":"https:\/\/secure.gravatar.com\/avatar\/04aa734445a914fc7e983224207dd5d069646d499f5e757f72a1f712783262d5?s=96&d=mm&r=g","url":"https:\/\/secure.gravatar.com\/avatar\/04aa734445a914fc7e983224207dd5d069646d499f5e757f72a1f712783262d5?s=96&d=mm&r=g","contentUrl":"https:\/\/secure.gravatar.com\/avatar\/04aa734445a914fc7e983224207dd5d069646d499f5e757f72a1f712783262d5?s=96&d=mm&r=g","caption":"Finke-Hartwig"},"url":"https:\/\/finke-colors.eu\/fr\/author\/finke-hartwig\/"}]}},"_links":{"self":[{"href":"https:\/\/finke-colors.eu\/fr\/wp-json\/wp\/v2\/posts\/5919","targetHints":{"allow":["GET"]}}],"collection":[{"href":"https:\/\/finke-colors.eu\/fr\/wp-json\/wp\/v2\/posts"}],"about":[{"href":"https:\/\/finke-colors.eu\/fr\/wp-json\/wp\/v2\/types\/post"}],"author":[{"embeddable":true,"href":"https:\/\/finke-colors.eu\/fr\/wp-json\/wp\/v2\/users\/3"}],"replies":[{"embeddable":true,"href":"https:\/\/finke-colors.eu\/fr\/wp-json\/wp\/v2\/comments?post=5919"}],"version-history":[{"count":5,"href":"https:\/\/finke-colors.eu\/fr\/wp-json\/wp\/v2\/posts\/5919\/revisions"}],"predecessor-version":[{"id":6030,"href":"https:\/\/finke-colors.eu\/fr\/wp-json\/wp\/v2\/posts\/5919\/revisions\/6030"}],"wp:featuredmedia":[{"embeddable":true,"href":"https:\/\/finke-colors.eu\/fr\/wp-json\/wp\/v2\/media\/5903"}],"wp:attachment":[{"href":"https:\/\/finke-colors.eu\/fr\/wp-json\/wp\/v2\/media?parent=5919"}],"wp:term":[{"taxonomy":"category","embeddable":true,"href":"https:\/\/finke-colors.eu\/fr\/wp-json\/wp\/v2\/categories?post=5919"},{"taxonomy":"post_tag","embeddable":true,"href":"https:\/\/finke-colors.eu\/fr\/wp-json\/wp\/v2\/tags?post=5919"}],"curies":[{"name":"wp","href":"https:\/\/api.w.org\/{rel}","templated":true}]}}