{"id":5686,"date":"2024-01-29T09:41:49","date_gmt":"2024-01-29T08:41:49","guid":{"rendered":"https:\/\/finke-colors.eu\/?p=5686"},"modified":"2024-02-01T11:44:17","modified_gmt":"2024-02-01T10:44:17","slug":"presence-reussie-a-la-pcd-a-paris","status":"publish","type":"post","link":"https:\/\/finke-colors.eu\/fr\/presence-reussie-a-la-pcd-a-paris\/","title":{"rendered":"Pr\u00e9sence r\u00e9ussie au PCD \u00e0 Paris: innovations en couleur et marquage laser"},"content":{"rendered":"<div id='av_section_1'  class='avia-section av-r5jly-8c173f2a572f312a96b7ab6944ec462f main_color avia-section-default avia-no-border-styling  avia-builder-el-0  el_before_av_section  avia-builder-el-first  avia-bg-style-scroll container_wrap fullsize'  ><div class='container av-section-cont-open' ><main  role=\"main\" itemprop=\"mainContentOfPage\"  class='template-page content  av-content-full alpha units'><div class='post-entry post-entry-type-page post-entry-5686'><div class='entry-content-wrapper clearfix'>\n\n<style type=\"text\/css\" data-created_by=\"avia_inline_auto\" id=\"style-css-av-m2rd2-2685780cd09ca9853556a0049d79ef89\">\n.flex_column.av-m2rd2-2685780cd09ca9853556a0049d79ef89{\nborder-radius:0px 0px 0px 0px;\npadding:0px 0px 0px 0px;\n}\n<\/style>\n<div  class='flex_column av-m2rd2-2685780cd09ca9853556a0049d79ef89 av_one_full  avia-builder-el-1  avia-builder-el-no-sibling  first flex_column_div av-zero-column-padding  '     ><style type=\"text\/css\" data-created_by=\"avia_inline_auto\" id=\"style-css-av-ksfv7dv8-9fd8fea424f7ab9b33108a26715d3c8f\">\n.avia-image-container.av-ksfv7dv8-9fd8fea424f7ab9b33108a26715d3c8f img.avia_image{\nbox-shadow:none;\n}\n.avia-image-container.av-ksfv7dv8-9fd8fea424f7ab9b33108a26715d3c8f .av-image-caption-overlay-center{\ncolor:#ffffff;\n}\n<\/style>\n<div  class='avia-image-container av-ksfv7dv8-9fd8fea424f7ab9b33108a26715d3c8f av-styling- avia-align-center  avia-builder-el-2  avia-builder-el-no-sibling '   itemprop=\"image\" itemscope=\"itemscope\" itemtype=\"https:\/\/schema.org\/ImageObject\" ><div class=\"avia-image-container-inner\"><div class=\"avia-image-overlay-wrap\"><img decoding=\"async\" fetchpriority=\"high\" class='wp-image-5674 avia-img-lazy-loading-not-5674 avia_image ' src=\"https:\/\/finke-colors.eu\/wp-content\/uploads\/PCD-Bild-News.jpg\" alt='' title='PCD Bild News'  height=\"750\" width=\"1000\"  itemprop=\"thumbnailUrl\" srcset=\"https:\/\/finke-colors.eu\/wp-content\/uploads\/PCD-Bild-News.jpg 1000w, https:\/\/finke-colors.eu\/wp-content\/uploads\/PCD-Bild-News-300x225.jpg 300w, https:\/\/finke-colors.eu\/wp-content\/uploads\/PCD-Bild-News-768x576.jpg 768w\" sizes=\"(max-width: 1000px) 100vw, 1000px\" \/><\/div><\/div><\/div><\/div>\n\n<\/div><\/div><\/main><!-- close content main element --><\/div><\/div><div id='av_section_2'  class='avia-section av-f593y-89338335baafb7b97ce60e074371d1d4 main_color avia-section-default avia-no-border-styling  avia-builder-el-3  el_after_av_section  avia-builder-el-last  avia-bg-style-scroll container_wrap fullsize'  ><div class='container av-section-cont-open' ><div class='template-page content  av-content-full alpha units'><div class='post-entry post-entry-type-page post-entry-5686'><div class='entry-content-wrapper clearfix'>\n\n<style type=\"text\/css\" data-created_by=\"avia_inline_auto\" id=\"style-css-av-81vfq-5d547e9c523eb922f58ec47422dd2f22\">\n.flex_column.av-81vfq-5d547e9c523eb922f58ec47422dd2f22{\nborder-radius:0px 0px 0px 0px;\npadding:0px 0px 0px 0px;\n}\n<\/style>\n<div  class='flex_column av-81vfq-5d547e9c523eb922f58ec47422dd2f22 av_one_full  avia-builder-el-4  el_before_av_one_full  avia-builder-el-first  first flex_column_div av-zero-column-padding  '     ><section  class='av_textblock_section av-ksfv722a-33ee5365bc3acb642e52a752ae79f647 '   itemscope=\"itemscope\" itemtype=\"https:\/\/schema.org\/BlogPosting\" itemprop=\"blogPost\" ><div class='avia_textblock'  itemprop=\"text\" ><h1>Pr\u00e9sence r\u00e9ussie au PCD \u00e0 Paris : innovations en couleur et marquage laser<\/h1>\n<\/div><\/section><\/div>\n<style type=\"text\/css\" data-created_by=\"avia_inline_auto\" id=\"style-css-av-81vfq-2-8419e8f159f77ca20f274c2370a7dd2c\">\n.flex_column.av-81vfq-2-8419e8f159f77ca20f274c2370a7dd2c{\nborder-radius:0px 0px 0px 0px;\npadding:0px 0px 0px 0px;\n}\n<\/style>\n<div  class='flex_column av-81vfq-2-8419e8f159f77ca20f274c2370a7dd2c av_one_full  avia-builder-el-6  el_after_av_one_full  avia-builder-el-last  first flex_column_div av-zero-column-padding  column-top-margin'     ><section  class='av_textblock_section av-lrypi4vp-0580506f3c7f8ebccfa6dbb53576c3ca '   itemscope=\"itemscope\" itemtype=\"https:\/\/schema.org\/BlogPosting\" itemprop=\"blogPost\" ><div class='avia_textblock'  itemprop=\"text\" ><p>La Paris Packaging Week est toujours quelque chose de sp\u00e9cial pour nous, car le salon parisien est synonyme d&rsquo;\u00e9l\u00e9gance, d&rsquo;articles de luxe et bien s\u00fbr d&#8217;emballages.<\/p>\n<p>Les vitrines Finke ont \u00e9t\u00e9 garnies de nos plus beaux \u00e9chantillons de couleurs et de nos innovations les plus int\u00e9ressantes. A l\u2019approche du stand, on remarque particuli\u00e8rement les effets sp\u00e9ciaux de la gamme FIBAFEKT et les flacons PET aux couleurs vives.<\/p>\n<h5><strong>Marquage laser \u00e0 des fins esth\u00e9tiques et comme \u00e9l\u00e9ment de s\u00e9curit\u00e9 <br class=\"avia-permanent-lb\" \/><br class=\"avia-permanent-lb\" \/><\/strong><\/h5>\n<p>L\u2019exposition de nos \u00e9chantillons ennoblis par marquage laser suscite un int\u00e9r\u00eat particuli\u00e8rement \u00e9lev\u00e9. Cette technologie offre des possibilit\u00e9s de garnissage quasiment illimit\u00e9es avec une durabilit\u00e9 garantie du marquage. Elle permet en outre d\u2019\u00eatre utilis\u00e9e comme \u00e9l\u00e9ment de s\u00e9curit\u00e9 de la lutte contre la contrefa\u00e7on.<\/p>\n<p>En tant qu&rsquo;alternative aux \u00e9tiquettes et aux \u201csleeve\u201d, le marquage laser permet aux fabricants de r\u00e9duire les co\u00fbts et d&rsquo;assurer une meilleure recyclabilit\u00e9 de leurs produits. En effet, la r\u00e9duction de l\u2019empreinte carbone et le commerce durable sont, cette ann\u00e9e encore, l&rsquo;un des th\u00e8mes principaux du secteur.<\/p>\n<h5><strong>FIBATEC UVA, une protection efficace contre les rayons UV agressifs <br class=\"avia-permanent-lb\" \/><br class=\"avia-permanent-lb\" \/><\/strong><\/h5>\n<p>La protection des formules sensibles est un sujet important, notamment pour les fabricants du secteur cosm\u00e9tique et alimentaire. Les produits conditionn\u00e9s dans des emballages transparents peuvent \u00eatre expos\u00e9s \u00e0 des rayons UV agressifs et, par cons\u00e9quent, \u00eatre soumis \u00e0 une modification de la couleur, de l&rsquo;odeur ou encore \u00e0 un d\u00e9phasage des ingr\u00e9dients. Le r\u00e9sultat \u00e9tant une perte de leur caract\u00e9ristiques originelles.<\/p>\n<p>Philippe Bouton, Key Account Manager, explique aux visiteurs d\u2019un groupe cosm\u00e9tique int\u00e9ress\u00e9 par cet additif, comment celui-ci interragi, par exemple, sur les vitamines A pr\u00e9sentes dans les cr\u00e8mes pour visage : \u201cles absorbeurs du FIBATEC UVA emp\u00eachent l\u2019\u00e9nergie des rayons UV de d\u00e9truire la structure mol\u00e9culaire des composants. Ainsi, la vitamine A se conserve jusqu&rsquo;\u00e0 30 fois plus longtemps que dans un emballage sans protection UV\u00a0\u00bb.<\/p>\n<p>Certains clients de longue date noteront imm\u00e9diatement la r\u00e9f\u00e9rence \u00e0 l&rsquo;anniversaire de notre entreprise : cette ann\u00e9e, la soci\u00e9t\u00e9 Finke f\u00eate son 75e anniversaire. Depuis trois g\u00e9n\u00e9rations, l&rsquo;entreprise mise sur la qualit\u00e9 de ses produits et sur des solutions pionni\u00e8res dans l&rsquo;industrie des mati\u00e8res plastiques.<\/p>\n<\/div><\/section><\/div>\n","protected":false},"excerpt":{"rendered":"<p>La Paris Packaging Week est toujours quelque chose de sp\u00e9cial pour nous, car le salon parisien est synonyme d&rsquo;\u00e9l\u00e9gance, d&rsquo;articles de luxe et bien s\u00fbr d&#8217;emballages.<\/p>\n","protected":false},"author":3,"featured_media":5674,"comment_status":"closed","ping_status":"closed","sticky":false,"template":"","format":"standard","meta":{"_acf_changed":false,"footnotes":""},"categories":[43],"tags":[],"class_list":["post-5686","post","type-post","status-publish","format-standard","has-post-thumbnail","hentry","category-actualites"],"acf":[],"yoast_head":"<!-- This site is optimized with the Yoast SEO plugin v27.3 - https:\/\/yoast.com\/product\/yoast-seo-wordpress\/ -->\n<title>Pr\u00e9sence r\u00e9ussie au PCD \u00e0 Paris: innovations en couleur et marquage laser - Finke Colors GmbH<\/title>\n<meta name=\"robots\" content=\"index, follow, max-snippet:-1, max-image-preview:large, max-video-preview:-1\" \/>\n<link rel=\"canonical\" href=\"https:\/\/finke-colors.eu\/fr\/presence-reussie-a-la-pcd-a-paris\/\" \/>\n<meta property=\"og:locale\" content=\"fr_FR\" \/>\n<meta property=\"og:type\" content=\"article\" \/>\n<meta property=\"og:title\" content=\"Pr\u00e9sence r\u00e9ussie au PCD \u00e0 Paris: innovations en couleur et marquage laser - Finke Colors GmbH\" \/>\n<meta property=\"og:description\" content=\"La Paris Packaging Week est toujours quelque chose de sp\u00e9cial pour nous, car le salon parisien est synonyme d&#039;\u00e9l\u00e9gance, d&#039;articles de luxe et bien s\u00fbr d&#039;emballages.\" \/>\n<meta property=\"og:url\" content=\"https:\/\/finke-colors.eu\/fr\/presence-reussie-a-la-pcd-a-paris\/\" \/>\n<meta property=\"og:site_name\" content=\"Finke Colors GmbH\" \/>\n<meta property=\"article:published_time\" content=\"2024-01-29T08:41:49+00:00\" \/>\n<meta property=\"article:modified_time\" content=\"2024-02-01T10:44:17+00:00\" \/>\n<meta property=\"og:image\" content=\"https:\/\/finke-colors.eu\/wp-content\/uploads\/PCD-Bild-News.jpg\" \/>\n\t<meta property=\"og:image:width\" content=\"1000\" \/>\n\t<meta property=\"og:image:height\" content=\"750\" \/>\n\t<meta property=\"og:image:type\" content=\"image\/jpeg\" \/>\n<meta name=\"author\" content=\"Finke-Hartwig\" \/>\n<meta name=\"twitter:card\" content=\"summary_large_image\" \/>\n<meta name=\"twitter:label1\" content=\"\u00c9crit par\" \/>\n\t<meta name=\"twitter:data1\" content=\"Finke-Hartwig\" \/>\n\t<meta name=\"twitter:label2\" content=\"Dur\u00e9e de lecture estim\u00e9e\" \/>\n\t<meta name=\"twitter:data2\" content=\"3 minutes\" \/>\n<script type=\"application\/ld+json\" class=\"yoast-schema-graph\">{\"@context\":\"https:\\\/\\\/schema.org\",\"@graph\":[{\"@type\":\"Article\",\"@id\":\"https:\\\/\\\/finke-colors.eu\\\/fr\\\/presence-reussie-a-la-pcd-a-paris\\\/#article\",\"isPartOf\":{\"@id\":\"https:\\\/\\\/finke-colors.eu\\\/fr\\\/presence-reussie-a-la-pcd-a-paris\\\/\"},\"author\":{\"name\":\"Finke-Hartwig\",\"@id\":\"https:\\\/\\\/finke-colors.eu\\\/fr\\\/#\\\/schema\\\/person\\\/885648555cf1e3bbaced8680b6254afc\"},\"headline\":\"Pr\u00e9sence r\u00e9ussie au PCD \u00e0 Paris: innovations en couleur et marquage laser\",\"datePublished\":\"2024-01-29T08:41:49+00:00\",\"dateModified\":\"2024-02-01T10:44:17+00:00\",\"mainEntityOfPage\":{\"@id\":\"https:\\\/\\\/finke-colors.eu\\\/fr\\\/presence-reussie-a-la-pcd-a-paris\\\/\"},\"wordCount\":1325,\"image\":{\"@id\":\"https:\\\/\\\/finke-colors.eu\\\/fr\\\/presence-reussie-a-la-pcd-a-paris\\\/#primaryimage\"},\"thumbnailUrl\":\"https:\\\/\\\/finke-colors.eu\\\/wp-content\\\/uploads\\\/PCD-Bild-News.jpg\",\"articleSection\":[\"Actualit\u00e9s\"],\"inLanguage\":\"fr-FR\"},{\"@type\":\"WebPage\",\"@id\":\"https:\\\/\\\/finke-colors.eu\\\/fr\\\/presence-reussie-a-la-pcd-a-paris\\\/\",\"url\":\"https:\\\/\\\/finke-colors.eu\\\/fr\\\/presence-reussie-a-la-pcd-a-paris\\\/\",\"name\":\"Pr\u00e9sence r\u00e9ussie au PCD \u00e0 Paris: innovations en couleur et marquage laser - Finke Colors GmbH\",\"isPartOf\":{\"@id\":\"https:\\\/\\\/finke-colors.eu\\\/fr\\\/#website\"},\"primaryImageOfPage\":{\"@id\":\"https:\\\/\\\/finke-colors.eu\\\/fr\\\/presence-reussie-a-la-pcd-a-paris\\\/#primaryimage\"},\"image\":{\"@id\":\"https:\\\/\\\/finke-colors.eu\\\/fr\\\/presence-reussie-a-la-pcd-a-paris\\\/#primaryimage\"},\"thumbnailUrl\":\"https:\\\/\\\/finke-colors.eu\\\/wp-content\\\/uploads\\\/PCD-Bild-News.jpg\",\"datePublished\":\"2024-01-29T08:41:49+00:00\",\"dateModified\":\"2024-02-01T10:44:17+00:00\",\"author\":{\"@id\":\"https:\\\/\\\/finke-colors.eu\\\/fr\\\/#\\\/schema\\\/person\\\/885648555cf1e3bbaced8680b6254afc\"},\"breadcrumb\":{\"@id\":\"https:\\\/\\\/finke-colors.eu\\\/fr\\\/presence-reussie-a-la-pcd-a-paris\\\/#breadcrumb\"},\"inLanguage\":\"fr-FR\",\"potentialAction\":[{\"@type\":\"ReadAction\",\"target\":[\"https:\\\/\\\/finke-colors.eu\\\/fr\\\/presence-reussie-a-la-pcd-a-paris\\\/\"]}]},{\"@type\":\"ImageObject\",\"inLanguage\":\"fr-FR\",\"@id\":\"https:\\\/\\\/finke-colors.eu\\\/fr\\\/presence-reussie-a-la-pcd-a-paris\\\/#primaryimage\",\"url\":\"https:\\\/\\\/finke-colors.eu\\\/wp-content\\\/uploads\\\/PCD-Bild-News.jpg\",\"contentUrl\":\"https:\\\/\\\/finke-colors.eu\\\/wp-content\\\/uploads\\\/PCD-Bild-News.jpg\",\"width\":1000,\"height\":750},{\"@type\":\"BreadcrumbList\",\"@id\":\"https:\\\/\\\/finke-colors.eu\\\/fr\\\/presence-reussie-a-la-pcd-a-paris\\\/#breadcrumb\",\"itemListElement\":[{\"@type\":\"ListItem\",\"position\":1,\"name\":\"Startseite\",\"item\":\"https:\\\/\\\/finke-colors.eu\\\/fr\\\/\"},{\"@type\":\"ListItem\",\"position\":2,\"name\":\"Pr\u00e9sence r\u00e9ussie au PCD \u00e0 Paris: innovations en couleur et marquage laser\"}]},{\"@type\":\"WebSite\",\"@id\":\"https:\\\/\\\/finke-colors.eu\\\/fr\\\/#website\",\"url\":\"https:\\\/\\\/finke-colors.eu\\\/fr\\\/\",\"name\":\"Finke Colors GmbH\",\"description\":\"Industrielle Farbe f\u00fcr Kunststoffe\",\"potentialAction\":[{\"@type\":\"SearchAction\",\"target\":{\"@type\":\"EntryPoint\",\"urlTemplate\":\"https:\\\/\\\/finke-colors.eu\\\/fr\\\/?s={search_term_string}\"},\"query-input\":{\"@type\":\"PropertyValueSpecification\",\"valueRequired\":true,\"valueName\":\"search_term_string\"}}],\"inLanguage\":\"fr-FR\"},{\"@type\":\"Person\",\"@id\":\"https:\\\/\\\/finke-colors.eu\\\/fr\\\/#\\\/schema\\\/person\\\/885648555cf1e3bbaced8680b6254afc\",\"name\":\"Finke-Hartwig\",\"image\":{\"@type\":\"ImageObject\",\"inLanguage\":\"fr-FR\",\"@id\":\"https:\\\/\\\/secure.gravatar.com\\\/avatar\\\/04aa734445a914fc7e983224207dd5d069646d499f5e757f72a1f712783262d5?s=96&d=mm&r=g\",\"url\":\"https:\\\/\\\/secure.gravatar.com\\\/avatar\\\/04aa734445a914fc7e983224207dd5d069646d499f5e757f72a1f712783262d5?s=96&d=mm&r=g\",\"contentUrl\":\"https:\\\/\\\/secure.gravatar.com\\\/avatar\\\/04aa734445a914fc7e983224207dd5d069646d499f5e757f72a1f712783262d5?s=96&d=mm&r=g\",\"caption\":\"Finke-Hartwig\"},\"url\":\"https:\\\/\\\/finke-colors.eu\\\/fr\\\/author\\\/finke-hartwig\\\/\"}]}<\/script>\n<!-- \/ Yoast SEO plugin. -->","yoast_head_json":{"title":"Pr\u00e9sence r\u00e9ussie au PCD \u00e0 Paris: innovations en couleur et marquage laser - Finke Colors GmbH","robots":{"index":"index","follow":"follow","max-snippet":"max-snippet:-1","max-image-preview":"max-image-preview:large","max-video-preview":"max-video-preview:-1"},"canonical":"https:\/\/finke-colors.eu\/fr\/presence-reussie-a-la-pcd-a-paris\/","og_locale":"fr_FR","og_type":"article","og_title":"Pr\u00e9sence r\u00e9ussie au PCD \u00e0 Paris: innovations en couleur et marquage laser - Finke Colors GmbH","og_description":"La Paris Packaging Week est toujours quelque chose de sp\u00e9cial pour nous, car le salon parisien est synonyme d'\u00e9l\u00e9gance, d'articles de luxe et bien s\u00fbr d'emballages.","og_url":"https:\/\/finke-colors.eu\/fr\/presence-reussie-a-la-pcd-a-paris\/","og_site_name":"Finke Colors GmbH","article_published_time":"2024-01-29T08:41:49+00:00","article_modified_time":"2024-02-01T10:44:17+00:00","og_image":[{"width":1000,"height":750,"url":"https:\/\/finke-colors.eu\/wp-content\/uploads\/PCD-Bild-News.jpg","type":"image\/jpeg"}],"author":"Finke-Hartwig","twitter_card":"summary_large_image","twitter_misc":{"\u00c9crit par":"Finke-Hartwig","Dur\u00e9e de lecture estim\u00e9e":"3 minutes"},"schema":{"@context":"https:\/\/schema.org","@graph":[{"@type":"Article","@id":"https:\/\/finke-colors.eu\/fr\/presence-reussie-a-la-pcd-a-paris\/#article","isPartOf":{"@id":"https:\/\/finke-colors.eu\/fr\/presence-reussie-a-la-pcd-a-paris\/"},"author":{"name":"Finke-Hartwig","@id":"https:\/\/finke-colors.eu\/fr\/#\/schema\/person\/885648555cf1e3bbaced8680b6254afc"},"headline":"Pr\u00e9sence r\u00e9ussie au PCD \u00e0 Paris: innovations en couleur et marquage laser","datePublished":"2024-01-29T08:41:49+00:00","dateModified":"2024-02-01T10:44:17+00:00","mainEntityOfPage":{"@id":"https:\/\/finke-colors.eu\/fr\/presence-reussie-a-la-pcd-a-paris\/"},"wordCount":1325,"image":{"@id":"https:\/\/finke-colors.eu\/fr\/presence-reussie-a-la-pcd-a-paris\/#primaryimage"},"thumbnailUrl":"https:\/\/finke-colors.eu\/wp-content\/uploads\/PCD-Bild-News.jpg","articleSection":["Actualit\u00e9s"],"inLanguage":"fr-FR"},{"@type":"WebPage","@id":"https:\/\/finke-colors.eu\/fr\/presence-reussie-a-la-pcd-a-paris\/","url":"https:\/\/finke-colors.eu\/fr\/presence-reussie-a-la-pcd-a-paris\/","name":"Pr\u00e9sence r\u00e9ussie au PCD \u00e0 Paris: innovations en couleur et marquage laser - Finke Colors GmbH","isPartOf":{"@id":"https:\/\/finke-colors.eu\/fr\/#website"},"primaryImageOfPage":{"@id":"https:\/\/finke-colors.eu\/fr\/presence-reussie-a-la-pcd-a-paris\/#primaryimage"},"image":{"@id":"https:\/\/finke-colors.eu\/fr\/presence-reussie-a-la-pcd-a-paris\/#primaryimage"},"thumbnailUrl":"https:\/\/finke-colors.eu\/wp-content\/uploads\/PCD-Bild-News.jpg","datePublished":"2024-01-29T08:41:49+00:00","dateModified":"2024-02-01T10:44:17+00:00","author":{"@id":"https:\/\/finke-colors.eu\/fr\/#\/schema\/person\/885648555cf1e3bbaced8680b6254afc"},"breadcrumb":{"@id":"https:\/\/finke-colors.eu\/fr\/presence-reussie-a-la-pcd-a-paris\/#breadcrumb"},"inLanguage":"fr-FR","potentialAction":[{"@type":"ReadAction","target":["https:\/\/finke-colors.eu\/fr\/presence-reussie-a-la-pcd-a-paris\/"]}]},{"@type":"ImageObject","inLanguage":"fr-FR","@id":"https:\/\/finke-colors.eu\/fr\/presence-reussie-a-la-pcd-a-paris\/#primaryimage","url":"https:\/\/finke-colors.eu\/wp-content\/uploads\/PCD-Bild-News.jpg","contentUrl":"https:\/\/finke-colors.eu\/wp-content\/uploads\/PCD-Bild-News.jpg","width":1000,"height":750},{"@type":"BreadcrumbList","@id":"https:\/\/finke-colors.eu\/fr\/presence-reussie-a-la-pcd-a-paris\/#breadcrumb","itemListElement":[{"@type":"ListItem","position":1,"name":"Startseite","item":"https:\/\/finke-colors.eu\/fr\/"},{"@type":"ListItem","position":2,"name":"Pr\u00e9sence r\u00e9ussie au PCD \u00e0 Paris: innovations en couleur et marquage laser"}]},{"@type":"WebSite","@id":"https:\/\/finke-colors.eu\/fr\/#website","url":"https:\/\/finke-colors.eu\/fr\/","name":"Finke Colors GmbH","description":"Industrielle Farbe f\u00fcr Kunststoffe","potentialAction":[{"@type":"SearchAction","target":{"@type":"EntryPoint","urlTemplate":"https:\/\/finke-colors.eu\/fr\/?s={search_term_string}"},"query-input":{"@type":"PropertyValueSpecification","valueRequired":true,"valueName":"search_term_string"}}],"inLanguage":"fr-FR"},{"@type":"Person","@id":"https:\/\/finke-colors.eu\/fr\/#\/schema\/person\/885648555cf1e3bbaced8680b6254afc","name":"Finke-Hartwig","image":{"@type":"ImageObject","inLanguage":"fr-FR","@id":"https:\/\/secure.gravatar.com\/avatar\/04aa734445a914fc7e983224207dd5d069646d499f5e757f72a1f712783262d5?s=96&d=mm&r=g","url":"https:\/\/secure.gravatar.com\/avatar\/04aa734445a914fc7e983224207dd5d069646d499f5e757f72a1f712783262d5?s=96&d=mm&r=g","contentUrl":"https:\/\/secure.gravatar.com\/avatar\/04aa734445a914fc7e983224207dd5d069646d499f5e757f72a1f712783262d5?s=96&d=mm&r=g","caption":"Finke-Hartwig"},"url":"https:\/\/finke-colors.eu\/fr\/author\/finke-hartwig\/"}]}},"_links":{"self":[{"href":"https:\/\/finke-colors.eu\/fr\/wp-json\/wp\/v2\/posts\/5686","targetHints":{"allow":["GET"]}}],"collection":[{"href":"https:\/\/finke-colors.eu\/fr\/wp-json\/wp\/v2\/posts"}],"about":[{"href":"https:\/\/finke-colors.eu\/fr\/wp-json\/wp\/v2\/types\/post"}],"author":[{"embeddable":true,"href":"https:\/\/finke-colors.eu\/fr\/wp-json\/wp\/v2\/users\/3"}],"replies":[{"embeddable":true,"href":"https:\/\/finke-colors.eu\/fr\/wp-json\/wp\/v2\/comments?post=5686"}],"version-history":[{"count":10,"href":"https:\/\/finke-colors.eu\/fr\/wp-json\/wp\/v2\/posts\/5686\/revisions"}],"predecessor-version":[{"id":5704,"href":"https:\/\/finke-colors.eu\/fr\/wp-json\/wp\/v2\/posts\/5686\/revisions\/5704"}],"wp:featuredmedia":[{"embeddable":true,"href":"https:\/\/finke-colors.eu\/fr\/wp-json\/wp\/v2\/media\/5674"}],"wp:attachment":[{"href":"https:\/\/finke-colors.eu\/fr\/wp-json\/wp\/v2\/media?parent=5686"}],"wp:term":[{"taxonomy":"category","embeddable":true,"href":"https:\/\/finke-colors.eu\/fr\/wp-json\/wp\/v2\/categories?post=5686"},{"taxonomy":"post_tag","embeddable":true,"href":"https:\/\/finke-colors.eu\/fr\/wp-json\/wp\/v2\/tags?post=5686"}],"curies":[{"name":"wp","href":"https:\/\/api.w.org\/{rel}","templated":true}]}}